{"id":2989,"date":"2020-09-29T10:06:49","date_gmt":"2020-09-29T08:06:49","guid":{"rendered":"https:\/\/www.chateau-ducru-beaucaillou.com\/?p=2989"},"modified":"2025-12-16T11:45:11","modified_gmt":"2025-12-16T10:45:11","slug":"29-september-2020-300-years-of-ducru-beaucaillou","status":"publish","type":"post","link":"https:\/\/www.chateau-ducru-beaucaillou.com\/en\/29-september-2020-300-years-of-ducru-beaucaillou\/","title":{"rendered":"29 september 2020: 300 years of Ducru-Beaucaillou"},"content":{"rendered":"\t\t<div data-elementor-type=\"wp-post\" data-elementor-id=\"2989\" class=\"elementor elementor-2989 elementor-1220\" data-elementor-post-type=\"post\">\n\t\t\t\t<div class=\"elementor-element elementor-element-e1be3be e-con-full e-flex wpr-particle-no wpr-jarallax-no wpr-parallax-no wpr-sticky-section-no e-con e-parent\" data-id=\"e1be3be\" data-element_type=\"container\" data-settings=\"{&quot;background_background&quot;:&quot;classic&quot;}\">\n\t\t\t\t<\/div>\n\t\t<div class=\"elementor-element elementor-element-60c5dce e-flex e-con-boxed wpr-particle-no wpr-jarallax-no wpr-parallax-no wpr-sticky-section-no e-con e-parent\" data-id=\"60c5dce\" data-element_type=\"container\">\n\t\t\t\t\t<div class=\"e-con-inner\">\n\t\t\t\t<div class=\"elementor-element elementor-element-c501c96 elementor-widget elementor-widget-heading\" data-id=\"c501c96\" data-element_type=\"widget\" data-widget_type=\"heading.default\">\n\t\t\t\t<div class=\"elementor-widget-container\">\n\t\t\t\t\t<h1 class=\"elementor-heading-title elementor-size-default\">29 September 2020:<br>\n300 years of <br>\nDucru-Beaucaillou<\/h1>\t\t\t\t<\/div>\n\t\t\t\t<\/div>\n\t\t\t\t\t<\/div>\n\t\t\t\t<\/div>\n\t\t<div class=\"elementor-element elementor-element-865c13c e-flex e-con-boxed wpr-particle-no wpr-jarallax-no wpr-parallax-no wpr-sticky-section-no e-con e-parent\" data-id=\"865c13c\" data-element_type=\"container\">\n\t\t\t\t\t<div class=\"e-con-inner\">\n\t\t<div class=\"elementor-element elementor-element-392704d e-con-full e-flex wpr-particle-no wpr-jarallax-no wpr-parallax-no wpr-sticky-section-no e-con e-child\" data-id=\"392704d\" data-element_type=\"container\">\n\t\t\t\t<div class=\"elementor-element elementor-element-e8e7947 elementor-widget elementor-widget-text-editor\" data-id=\"e8e7947\" data-element_type=\"widget\" data-widget_type=\"text-editor.default\">\n\t\t\t\t<div class=\"elementor-widget-container\">\n\t\t\t\t\t\t\t\t\t<p>On September 29th, Bruno-Eug\u00e8ne Borie, acting as master of ceremonies, along with the entire Ch\u00e2teau Ducru-Beaucaillou team, had the immense privilege and pleasure of giving thanks to Saint-Julien and to the majestic history of Ch\u00e2teau Ducru-Beaucaillou; the 300-year-old ch\u00e2teau that has surveyed every generation of great families that have succeeded one another, and have presided or still preside over its destiny with passion and dedication and with an appreciation for detail and perfection, since the founding date of 30 May 1720.<\/p>\t\t\t\t\t\t\t\t<\/div>\n\t\t\t\t<\/div>\n\t\t\t\t<\/div>\n\t\t\t\t\t<\/div>\n\t\t\t\t<\/div>\n\t\t<div class=\"elementor-element elementor-element-0eed394 e-flex e-con-boxed wpr-particle-no wpr-jarallax-no wpr-parallax-no wpr-sticky-section-no e-con e-parent\" data-id=\"0eed394\" data-element_type=\"container\">\n\t\t\t\t\t<div class=\"e-con-inner\">\n\t\t\t\t<div class=\"elementor-element elementor-element-1141dc8 elementor-widget elementor-widget-heading\" data-id=\"1141dc8\" data-element_type=\"widget\" data-widget_type=\"heading.default\">\n\t\t\t\t<div class=\"elementor-widget-container\">\n\t\t\t\t\t<h3 class=\"elementor-heading-title elementor-size-default\">1720 \u2013 2020: 300 candles to make a unique tribute<\/h3>\t\t\t\t<\/div>\n\t\t\t\t<\/div>\n\t\t<div class=\"elementor-element elementor-element-412a1b3 e-con-full e-flex wpr-particle-no wpr-jarallax-no wpr-parallax-no wpr-sticky-section-no e-con e-child\" data-id=\"412a1b3\" data-element_type=\"container\">\n\t\t\t\t<div class=\"elementor-element elementor-element-8ab3e00 blocLettrine elementor-widget elementor-widget-text-editor\" data-id=\"8ab3e00\" data-element_type=\"widget\" data-widget_type=\"text-editor.default\">\n\t\t\t\t<div class=\"elementor-widget-container\">\n\t\t\t\t\t\t\t\t\t<p>repared with enthusiasm over many months, the anniversary etched in stone for eternity the highlights that have marked the life of Ch\u00e2teau Ducru-Beaucaillou, and offered \u00a0(in digital to respect Covid-19 measures) on the web a total immersion in this unique, magical place. As a masterful nod to the 18th century and to the prestige of the Age of Enlightenment, historical scenes were reconstructed like living works of art, such as the traditional grape harvest (as it was done in 1720, with mules, horses, riders, complete with period costumes and tools), or the grape pickers\u2019 meal around the \u2018poule au pot\u2019 so dear to the good King Henri IV. These scenes were shared internationally with three live broadcasts hosted by Bruno-Eug\u00e8ne Borie, enabling our global community to bear witness to this vibrant echo of the past..<\/p>\t\t\t\t\t\t\t\t<\/div>\n\t\t\t\t<\/div>\n\t\t\t\t<\/div>\n\t\t\t\t\t<\/div>\n\t\t\t\t<\/div>\n\t\t<div class=\"elementor-element elementor-element-ee104da e-flex e-con-boxed wpr-particle-no wpr-jarallax-no wpr-parallax-no wpr-sticky-section-no e-con e-parent\" data-id=\"ee104da\" data-element_type=\"container\">\n\t\t\t\t\t<div class=\"e-con-inner\">\n\t\t\t\t<div class=\"elementor-element elementor-element-1139346 elementor-widget elementor-widget-heading\" data-id=\"1139346\" data-element_type=\"widget\" data-widget_type=\"heading.default\">\n\t\t\t\t<div class=\"elementor-widget-container\">\n\t\t\t\t\t<h3 class=\"elementor-heading-title elementor-size-default\">Highlight: a 29 september deicated to women<\/h3>\t\t\t\t<\/div>\n\t\t\t\t<\/div>\n\t\t<div class=\"elementor-element elementor-element-81dc76f e-con-full e-flex wpr-particle-no wpr-jarallax-no wpr-parallax-no wpr-sticky-section-no e-con e-child\" data-id=\"81dc76f\" data-element_type=\"container\">\n\t\t\t\t<div class=\"elementor-element elementor-element-6c22d9f blocLettrine elementor-widget elementor-widget-text-editor\" data-id=\"6c22d9f\" data-element_type=\"widget\" data-widget_type=\"text-editor.default\">\n\t\t\t\t<div class=\"elementor-widget-container\">\n\t\t\t\t\t\t\t\t\t<p>Through this historical tribute, Bruno-Eug\u00e8ne Borie affirmed that the property owes an enormous amount to women.\u00a0<\/p>\t\t\t\t\t\t\t\t<\/div>\n\t\t\t\t<\/div>\n\t\t\t\t<div class=\"elementor-element elementor-element-c1792e7 elementor-widget elementor-widget-text-editor\" data-id=\"c1792e7\" data-element_type=\"widget\" data-widget_type=\"text-editor.default\">\n\t\t\t\t<div class=\"elementor-widget-container\">\n\t\t\t\t\t\t\t\t\t<p>With Marie Dejean (who brought the property as a dowry), the daughter of Bertrand Ducru who sold it to Madame Dassier Johnston&#8230; the Princess Caradja, Mary Butler de Burke and finally Marie Monique Rochette Borie, the \u201cDame de Beaucaillou\u201d still at the side of her son, Bruno, this tercentenary is composed with a distinctly feminine note.\u00a0<br \/><br \/><br \/>The anniversary also honoured three great heroines of modern times: our muse, la grande Estrella L\u00e9a Vicens, radiant equestrian champion with an unmatched record as a five time European champion (who honored us with her radiant presence and her superb and unforgettable top equestrian performances), H\u00e9lo\u00efse Mas, a great mezzo-soprano singer and sensual actress (who portrayed Carmen to perfection), and the talented chef Cl\u00e9mentine Coussau of the famous two-star Michelin restaurant Relais de la Poste in Magescq (who with inspiration from the Landes, revisited the V.G.E. soup of Paul Bocuse and the Oreiller de la Belle Aurore of Jean Anthelme Brillat-Savarin with perfect execution), each illuminated this unforgettable day with enthusiasm, showing guests the most beautiful expression of their respective arts.<br \/>\u200b\u200b\u200b\u200b\u200b\u200b\u200b<br \/>Finally, the celebration ended with a majestic finale: the vocal blessing of the brilliant H\u00e9lo\u00efse Mas accompanied by an awe-inspiring firework display in the ch\u00e2teau park, inscribing Ducru-Beaucaillou in a timeless moment, etched for eternity the history of this great property.<\/p>\t\t\t\t\t\t\t\t<\/div>\n\t\t\t\t<\/div>\n\t\t\t\t<\/div>\n\t\t\t\t\t<\/div>\n\t\t\t\t<\/div>\n\t\t<div class=\"elementor-element elementor-element-e6ede3c e-flex e-con-boxed wpr-particle-no wpr-jarallax-no wpr-parallax-no wpr-sticky-section-no e-con e-parent\" data-id=\"e6ede3c\" data-element_type=\"container\">\n\t\t\t\t\t<div class=\"e-con-inner\">\n\t\t\t\t<div class=\"elementor-element elementor-element-4db5fba elementor-widget elementor-widget-heading\" data-id=\"4db5fba\" data-element_type=\"widget\" data-widget_type=\"heading.default\">\n\t\t\t\t<div class=\"elementor-widget-container\">\n\t\t\t\t\t<h2 class=\"elementor-heading-title elementor-size-default\">Videos<\/h2>\t\t\t\t<\/div>\n\t\t\t\t<\/div>\n\t\t<div class=\"elementor-element elementor-element-f039e01 e-con-full e-flex wpr-particle-no wpr-jarallax-no wpr-parallax-no wpr-sticky-section-no e-con e-child\" data-id=\"f039e01\" data-element_type=\"container\">\n\t\t<div class=\"elementor-element elementor-element-08545b2 e-con-full e-flex wpr-particle-no wpr-jarallax-no wpr-parallax-no wpr-sticky-section-no e-con e-child\" data-id=\"08545b2\" data-element_type=\"container\">\n\t\t\t\t<div class=\"elementor-element elementor-element-e592854 elementor-widget elementor-widget-heading\" data-id=\"e592854\" data-element_type=\"widget\" data-widget_type=\"heading.default\">\n\t\t\t\t<div class=\"elementor-widget-container\">\n\t\t\t\t\t<span class=\"elementor-heading-title elementor-size-default\">Historical reconstruction of the 1720 harvest<\/span>\t\t\t\t<\/div>\n\t\t\t\t<\/div>\n\t\t\t\t<div class=\"elementor-element elementor-element-48f0219 elementor-widget elementor-widget-video\" data-id=\"48f0219\" data-element_type=\"widget\" data-settings=\"{&quot;youtube_url&quot;:&quot;https:\\\/\\\/www.youtube.com\\\/watch?v=XHilBO330q4&amp;t=1s&quot;,&quot;video_type&quot;:&quot;youtube&quot;,&quot;controls&quot;:&quot;yes&quot;}\" data-widget_type=\"video.default\">\n\t\t\t\t<div class=\"elementor-widget-container\">\n\t\t\t\t\t\t\t<div class=\"elementor-wrapper elementor-open-inline\">\n\t\t\t<div class=\"elementor-video\"><\/div>\t\t<\/div>\n\t\t\t\t\t\t<\/div>\n\t\t\t\t<\/div>\n\t\t\t\t<\/div>\n\t\t<div class=\"elementor-element elementor-element-fe85604 e-con-full e-flex wpr-particle-no wpr-jarallax-no wpr-parallax-no wpr-sticky-section-no e-con e-child\" data-id=\"fe85604\" data-element_type=\"container\">\n\t\t\t\t<div class=\"elementor-element elementor-element-e33b96b elementor-widget elementor-widget-heading\" data-id=\"e33b96b\" data-element_type=\"widget\" data-widget_type=\"heading.default\">\n\t\t\t\t<div class=\"elementor-widget-container\">\n\t\t\t\t\t<span class=\"elementor-heading-title elementor-size-default\">\u201cHappy Birthday to you\u201d by H\u00e9lo\u00efse Mas<\/span>\t\t\t\t<\/div>\n\t\t\t\t<\/div>\n\t\t\t\t<div class=\"elementor-element elementor-element-b93d592 elementor-widget elementor-widget-video\" data-id=\"b93d592\" data-element_type=\"widget\" data-settings=\"{&quot;youtube_url&quot;:&quot;https:\\\/\\\/www.youtube.com\\\/watch?v=5kbrcdpn0ik&quot;,&quot;video_type&quot;:&quot;youtube&quot;,&quot;controls&quot;:&quot;yes&quot;}\" data-widget_type=\"video.default\">\n\t\t\t\t<div class=\"elementor-widget-container\">\n\t\t\t\t\t\t\t<div class=\"elementor-wrapper elementor-open-inline\">\n\t\t\t<div class=\"elementor-video\"><\/div>\t\t<\/div>\n\t\t\t\t\t\t<\/div>\n\t\t\t\t<\/div>\n\t\t\t\t<\/div>\n\t\t\t\t<\/div>\n\t\t<div class=\"elementor-element elementor-element-7ca9930 e-con-full e-flex wpr-particle-no wpr-jarallax-no wpr-parallax-no wpr-sticky-section-no e-con e-child\" data-id=\"7ca9930\" data-element_type=\"container\">\n\t\t<div class=\"elementor-element elementor-element-c641875 e-con-full e-flex wpr-particle-no wpr-jarallax-no wpr-parallax-no wpr-sticky-section-no e-con e-child\" data-id=\"c641875\" data-element_type=\"container\">\n\t\t\t\t<div class=\"elementor-element elementor-element-2914452 elementor-widget elementor-widget-heading\" data-id=\"2914452\" data-element_type=\"widget\" data-widget_type=\"heading.default\">\n\t\t\t\t<div class=\"elementor-widget-container\">\n\t\t\t\t\t<span class=\"elementor-heading-title elementor-size-default\">Equestrian demonstration by L\u00e9a Vicens<\/span>\t\t\t\t<\/div>\n\t\t\t\t<\/div>\n\t\t\t\t<div class=\"elementor-element elementor-element-b8c538a elementor-widget elementor-widget-video\" data-id=\"b8c538a\" data-element_type=\"widget\" data-settings=\"{&quot;youtube_url&quot;:&quot;https:\\\/\\\/www.youtube.com\\\/watch?v=6EWjh94aLHw&quot;,&quot;video_type&quot;:&quot;youtube&quot;,&quot;controls&quot;:&quot;yes&quot;}\" data-widget_type=\"video.default\">\n\t\t\t\t<div class=\"elementor-widget-container\">\n\t\t\t\t\t\t\t<div class=\"elementor-wrapper elementor-open-inline\">\n\t\t\t<div class=\"elementor-video\"><\/div>\t\t<\/div>\n\t\t\t\t\t\t<\/div>\n\t\t\t\t<\/div>\n\t\t\t\t<\/div>\n\t\t<div class=\"elementor-element elementor-element-d1ac008 e-con-full e-flex wpr-particle-no wpr-jarallax-no wpr-parallax-no wpr-sticky-section-no e-con e-child\" data-id=\"d1ac008\" data-element_type=\"container\">\n\t\t\t\t<div class=\"elementor-element elementor-element-8e5f9fc elementor-widget elementor-widget-heading\" data-id=\"8e5f9fc\" data-element_type=\"widget\" data-widget_type=\"heading.default\">\n\t\t\t\t<div class=\"elementor-widget-container\">\n\t\t\t\t\t<span class=\"elementor-heading-title elementor-size-default\">300-year firework display<\/span>\t\t\t\t<\/div>\n\t\t\t\t<\/div>\n\t\t\t\t<div class=\"elementor-element elementor-element-258cc0f elementor-widget elementor-widget-video\" data-id=\"258cc0f\" data-element_type=\"widget\" data-settings=\"{&quot;youtube_url&quot;:&quot;https:\\\/\\\/www.youtube.com\\\/watch?v=CskJJWulZUM&quot;,&quot;video_type&quot;:&quot;youtube&quot;,&quot;controls&quot;:&quot;yes&quot;}\" data-widget_type=\"video.default\">\n\t\t\t\t<div class=\"elementor-widget-container\">\n\t\t\t\t\t\t\t<div class=\"elementor-wrapper elementor-open-inline\">\n\t\t\t<div class=\"elementor-video\"><\/div>\t\t<\/div>\n\t\t\t\t\t\t<\/div>\n\t\t\t\t<\/div>\n\t\t\t\t<\/div>\n\t\t\t\t<\/div>\n\t\t<div class=\"elementor-element elementor-element-3df3853 e-con-full e-flex wpr-particle-no wpr-jarallax-no wpr-parallax-no wpr-sticky-section-no e-con e-child\" data-id=\"3df3853\" data-element_type=\"container\">\n\t\t<div class=\"elementor-element elementor-element-d615e23 e-con-full e-flex wpr-particle-no wpr-jarallax-no wpr-parallax-no wpr-sticky-section-no e-con e-child\" data-id=\"d615e23\" data-element_type=\"container\">\n\t\t\t\t<div class=\"elementor-element elementor-element-f6e13a3 elementor-widget elementor-widget-heading\" data-id=\"f6e13a3\" data-element_type=\"widget\" data-widget_type=\"heading.default\">\n\t\t\t\t<div class=\"elementor-widget-container\">\n\t\t\t\t\t<span class=\"elementor-heading-title elementor-size-default\">Interview with L\u00e9a Vicens, horsewoman, five-time European champion<\/span>\t\t\t\t<\/div>\n\t\t\t\t<\/div>\n\t\t\t\t<div class=\"elementor-element elementor-element-e89b419 elementor-widget elementor-widget-video\" data-id=\"e89b419\" data-element_type=\"widget\" data-settings=\"{&quot;youtube_url&quot;:&quot;https:\\\/\\\/www.youtube.com\\\/watch?v=JWpfVAsPspU&quot;,&quot;video_type&quot;:&quot;youtube&quot;,&quot;controls&quot;:&quot;yes&quot;}\" data-widget_type=\"video.default\">\n\t\t\t\t<div class=\"elementor-widget-container\">\n\t\t\t\t\t\t\t<div class=\"elementor-wrapper elementor-open-inline\">\n\t\t\t<div class=\"elementor-video\"><\/div>\t\t<\/div>\n\t\t\t\t\t\t<\/div>\n\t\t\t\t<\/div>\n\t\t\t\t<\/div>\n\t\t<div class=\"elementor-element elementor-element-7d0296c e-con-full e-flex wpr-particle-no wpr-jarallax-no wpr-parallax-no wpr-sticky-section-no e-con e-child\" data-id=\"7d0296c\" data-element_type=\"container\">\n\t\t\t\t<div class=\"elementor-element elementor-element-5334c58 elementor-widget elementor-widget-heading\" data-id=\"5334c58\" data-element_type=\"widget\" data-widget_type=\"heading.default\">\n\t\t\t\t<div class=\"elementor-widget-container\">\n\t\t\t\t\t<span class=\"elementor-heading-title elementor-size-default\">Interview with Bruno-Eug\u00e8ne Borie<\/span>\t\t\t\t<\/div>\n\t\t\t\t<\/div>\n\t\t\t\t<div class=\"elementor-element elementor-element-edae378 elementor-widget elementor-widget-video\" data-id=\"edae378\" data-element_type=\"widget\" data-settings=\"{&quot;youtube_url&quot;:&quot;https:\\\/\\\/www.youtube.com\\\/watch?v=sZklRn0fMns&quot;,&quot;video_type&quot;:&quot;youtube&quot;,&quot;controls&quot;:&quot;yes&quot;}\" data-widget_type=\"video.default\">\n\t\t\t\t<div class=\"elementor-widget-container\">\n\t\t\t\t\t\t\t<div class=\"elementor-wrapper elementor-open-inline\">\n\t\t\t<div class=\"elementor-video\"><\/div>\t\t<\/div>\n\t\t\t\t\t\t<\/div>\n\t\t\t\t<\/div>\n\t\t\t\t<\/div>\n\t\t\t\t<\/div>\n\t\t<div class=\"elementor-element elementor-element-836fec1 e-con-full e-flex wpr-particle-no wpr-jarallax-no wpr-parallax-no wpr-sticky-section-no e-con e-child\" data-id=\"836fec1\" data-element_type=\"container\">\n\t\t<div class=\"elementor-element elementor-element-531b620 e-con-full e-flex wpr-particle-no wpr-jarallax-no wpr-parallax-no wpr-sticky-section-no e-con e-child\" data-id=\"531b620\" data-element_type=\"container\">\n\t\t\t\t<div class=\"elementor-element elementor-element-7be9575 elementor-widget elementor-widget-heading\" data-id=\"7be9575\" data-element_type=\"widget\" data-widget_type=\"heading.default\">\n\t\t\t\t<div class=\"elementor-widget-container\">\n\t\t\t\t\t<span class=\"elementor-heading-title elementor-size-default\">Interview with H\u00e9lo\u00efse MAS, mezzo-soprano<\/span>\t\t\t\t<\/div>\n\t\t\t\t<\/div>\n\t\t\t\t<div class=\"elementor-element elementor-element-8eb9834 elementor-widget elementor-widget-video\" data-id=\"8eb9834\" data-element_type=\"widget\" data-settings=\"{&quot;youtube_url&quot;:&quot;https:\\\/\\\/www.youtube.com\\\/watch?v=M9zXa1SLlGA&quot;,&quot;video_type&quot;:&quot;youtube&quot;,&quot;controls&quot;:&quot;yes&quot;}\" data-widget_type=\"video.default\">\n\t\t\t\t<div class=\"elementor-widget-container\">\n\t\t\t\t\t\t\t<div class=\"elementor-wrapper elementor-open-inline\">\n\t\t\t<div class=\"elementor-video\"><\/div>\t\t<\/div>\n\t\t\t\t\t\t<\/div>\n\t\t\t\t<\/div>\n\t\t\t\t<\/div>\n\t\t<div class=\"elementor-element elementor-element-0975e9f e-con-full e-flex wpr-particle-no wpr-jarallax-no wpr-parallax-no wpr-sticky-section-no e-con e-child\" data-id=\"0975e9f\" data-element_type=\"container\">\n\t\t\t\t<div class=\"elementor-element elementor-element-2ce5e55 elementor-widget elementor-widget-heading\" data-id=\"2ce5e55\" data-element_type=\"widget\" data-widget_type=\"heading.default\">\n\t\t\t\t<div class=\"elementor-widget-container\">\n\t\t\t\t\t<span class=\"elementor-heading-title elementor-size-default\">Interview with Cl\u00e9mentine Coussau, chef<\/span>\t\t\t\t<\/div>\n\t\t\t\t<\/div>\n\t\t\t\t<div class=\"elementor-element elementor-element-54e5b2e elementor-widget elementor-widget-video\" data-id=\"54e5b2e\" data-element_type=\"widget\" data-settings=\"{&quot;youtube_url&quot;:&quot;https:\\\/\\\/www.youtube.com\\\/watch?v=KUIKhPe6yQU&quot;,&quot;video_type&quot;:&quot;youtube&quot;,&quot;controls&quot;:&quot;yes&quot;}\" data-widget_type=\"video.default\">\n\t\t\t\t<div class=\"elementor-widget-container\">\n\t\t\t\t\t\t\t<div class=\"elementor-wrapper elementor-open-inline\">\n\t\t\t<div class=\"elementor-video\"><\/div>\t\t<\/div>\n\t\t\t\t\t\t<\/div>\n\t\t\t\t<\/div>\n\t\t\t\t<\/div>\n\t\t\t\t<\/div>\n\t\t\t\t\t<\/div>\n\t\t\t\t<\/div>\n\t\t<div class=\"elementor-element elementor-element-cdb3e10 e-flex e-con-boxed wpr-particle-no wpr-jarallax-no wpr-parallax-no wpr-sticky-section-no e-con e-parent\" data-id=\"cdb3e10\" data-element_type=\"container\">\n\t\t\t\t\t<div class=\"e-con-inner\">\n\t\t\t\t<div class=\"elementor-element elementor-element-6a9f3cd elementor-widget elementor-widget-heading\" data-id=\"6a9f3cd\" data-element_type=\"widget\" data-widget_type=\"heading.default\">\n\t\t\t\t<div class=\"elementor-widget-container\">\n\t\t\t\t\t<h2 class=\"elementor-heading-title elementor-size-default\">Photos<\/h2>\t\t\t\t<\/div>\n\t\t\t\t<\/div>\n\t\t\t\t<div class=\"elementor-element elementor-element-d3f22ee elementor-widget elementor-widget-spacer\" data-id=\"d3f22ee\" data-element_type=\"widget\" data-widget_type=\"spacer.default\">\n\t\t\t\t<div class=\"elementor-widget-container\">\n\t\t\t\t\t\t\t<div class=\"elementor-spacer\">\n\t\t\t<div class=\"elementor-spacer-inner\"><\/div>\n\t\t<\/div>\n\t\t\t\t\t\t<\/div>\n\t\t\t\t<\/div>\n\t\t\t\t<div class=\"elementor-element elementor-element-d8df36c elementor-widget elementor-widget-gallery\" data-id=\"d8df36c\" data-element_type=\"widget\" data-settings=\"{&quot;gallery_layout&quot;:&quot;masonry&quot;,&quot;columns&quot;:3,&quot;columns_tablet&quot;:3,&quot;columns_mobile&quot;:2,&quot;gap&quot;:{&quot;unit&quot;:&quot;px&quot;,&quot;size&quot;:15,&quot;sizes&quot;:[]},&quot;gap_tablet&quot;:{&quot;unit&quot;:&quot;px&quot;,&quot;size&quot;:15,&quot;sizes&quot;:[]},&quot;lazyload&quot;:&quot;yes&quot;,&quot;gap_mobile&quot;:{&quot;unit&quot;:&quot;px&quot;,&quot;size&quot;:10,&quot;sizes&quot;:[]},&quot;overlay_background&quot;:&quot;yes&quot;,&quot;content_hover_animation&quot;:&quot;fade-in&quot;}\" data-widget_type=\"gallery.default\">\n\t\t\t\t<div class=\"elementor-widget-container\">\n\t\t\t\t\t\t\t<div class=\"elementor-gallery__container\">\n\t\t\t\t\t\t\t<div class=\"e-gallery-item elementor-gallery-item elementor-animated-content\">\n\t\t\t\t\t<div class=\"e-gallery-image elementor-gallery-item__image\" data-thumbnail=\"https:\/\/www.chateau-ducru-beaucaillou.com\/wp-content\/uploads\/2025\/12\/reconstitution-des-vendanges-historiques-de-1720-1_0.jpeg\" data-width=\"600\" data-height=\"400\" aria-label=\"\" role=\"img\" ><\/div>\n\t\t\t\t\t\t\t\t\t\t\t<div class=\"elementor-gallery-item__overlay\"><\/div>\n\t\t\t\t\t\t\t\t\t\t\t\t\t\t<\/div>\n\t\t\t\t\t\t\t<div class=\"e-gallery-item elementor-gallery-item elementor-animated-content\">\n\t\t\t\t\t<div class=\"e-gallery-image elementor-gallery-item__image\" data-thumbnail=\"https:\/\/www.chateau-ducru-beaucaillou.com\/wp-content\/uploads\/2025\/12\/reconstitution-des-vendanges-historiques-de-1720-2_0.jpeg\" data-width=\"600\" data-height=\"400\" aria-label=\"\" role=\"img\" ><\/div>\n\t\t\t\t\t\t\t\t\t\t\t<div class=\"elementor-gallery-item__overlay\"><\/div>\n\t\t\t\t\t\t\t\t\t\t\t\t\t\t<\/div>\n\t\t\t\t\t\t\t<div class=\"e-gallery-item elementor-gallery-item elementor-animated-content\">\n\t\t\t\t\t<div class=\"e-gallery-image elementor-gallery-item__image\" data-thumbnail=\"https:\/\/www.chateau-ducru-beaucaillou.com\/wp-content\/uploads\/2025\/12\/reconstitution-des-vendanges-historiques-de-1720-3_0.jpeg\" data-width=\"444\" data-height=\"250\" aria-label=\"\" role=\"img\" ><\/div>\n\t\t\t\t\t\t\t\t\t\t\t<div class=\"elementor-gallery-item__overlay\"><\/div>\n\t\t\t\t\t\t\t\t\t\t\t\t\t\t<\/div>\n\t\t\t\t\t\t\t<div class=\"e-gallery-item elementor-gallery-item elementor-animated-content\">\n\t\t\t\t\t<div class=\"e-gallery-image elementor-gallery-item__image\" data-thumbnail=\"https:\/\/www.chateau-ducru-beaucaillou.com\/wp-content\/uploads\/2025\/12\/Ducru-Beaucaillou-58_0.jpg\" data-width=\"720\" data-height=\"1080\" aria-label=\"\" role=\"img\" ><\/div>\n\t\t\t\t\t\t\t\t\t\t\t<div class=\"elementor-gallery-item__overlay\"><\/div>\n\t\t\t\t\t\t\t\t\t\t\t\t\t\t<\/div>\n\t\t\t\t\t\t\t<div class=\"e-gallery-item elementor-gallery-item elementor-animated-content\">\n\t\t\t\t\t<div class=\"e-gallery-image elementor-gallery-item__image\" data-thumbnail=\"https:\/\/www.chateau-ducru-beaucaillou.com\/wp-content\/uploads\/2025\/12\/reconstitution-des-vendanges-historiques-de-1720-5_0.jpeg\" data-width=\"600\" data-height=\"400\" aria-label=\"\" role=\"img\" ><\/div>\n\t\t\t\t\t\t\t\t\t\t\t<div class=\"elementor-gallery-item__overlay\"><\/div>\n\t\t\t\t\t\t\t\t\t\t\t\t\t\t<\/div>\n\t\t\t\t\t\t\t<div class=\"e-gallery-item elementor-gallery-item elementor-animated-content\">\n\t\t\t\t\t<div class=\"e-gallery-image elementor-gallery-item__image\" data-thumbnail=\"https:\/\/www.chateau-ducru-beaucaillou.com\/wp-content\/uploads\/2025\/12\/reconstitution-des-vendanges-historiques-de-1720-6_0.jpeg\" data-width=\"600\" data-height=\"400\" aria-label=\"\" role=\"img\" ><\/div>\n\t\t\t\t\t\t\t\t\t\t\t<div class=\"elementor-gallery-item__overlay\"><\/div>\n\t\t\t\t\t\t\t\t\t\t\t\t\t\t<\/div>\n\t\t\t\t\t\t\t<div class=\"e-gallery-item elementor-gallery-item elementor-animated-content\">\n\t\t\t\t\t<div class=\"e-gallery-image elementor-gallery-item__image\" data-thumbnail=\"https:\/\/www.chateau-ducru-beaucaillou.com\/wp-content\/uploads\/2025\/12\/reconstitution-des-vendanges-historiques-de-1720-4_0.jpeg\" data-width=\"600\" data-height=\"900\" aria-label=\"\" role=\"img\" ><\/div>\n\t\t\t\t\t\t\t\t\t\t\t<div class=\"elementor-gallery-item__overlay\"><\/div>\n\t\t\t\t\t\t\t\t\t\t\t\t\t\t<\/div>\n\t\t\t\t\t\t\t<div class=\"e-gallery-item elementor-gallery-item elementor-animated-content\">\n\t\t\t\t\t<div class=\"e-gallery-image elementor-gallery-item__image\" data-thumbnail=\"https:\/\/www.chateau-ducru-beaucaillou.com\/wp-content\/uploads\/2025\/12\/Reconstitution-dejeuner-de-vendanges-1720-2_1.jpeg\" data-width=\"600\" data-height=\"400\" aria-label=\"\" role=\"img\" ><\/div>\n\t\t\t\t\t\t\t\t\t\t\t<div class=\"elementor-gallery-item__overlay\"><\/div>\n\t\t\t\t\t\t\t\t\t\t\t\t\t\t<\/div>\n\t\t\t\t\t\t\t<div class=\"e-gallery-item elementor-gallery-item elementor-animated-content\">\n\t\t\t\t\t<div class=\"e-gallery-image elementor-gallery-item__image\" data-thumbnail=\"https:\/\/www.chateau-ducru-beaucaillou.com\/wp-content\/uploads\/2025\/12\/Reconstitution-dejeuner-de-vendanges-1720-1_1.jpeg\" data-width=\"600\" data-height=\"400\" aria-label=\"\" role=\"img\" ><\/div>\n\t\t\t\t\t\t\t\t\t\t\t<div class=\"elementor-gallery-item__overlay\"><\/div>\n\t\t\t\t\t\t\t\t\t\t\t\t\t\t<\/div>\n\t\t\t\t\t\t\t<div class=\"e-gallery-item elementor-gallery-item elementor-animated-content\">\n\t\t\t\t\t<div class=\"e-gallery-image elementor-gallery-item__image\" data-thumbnail=\"https:\/\/www.chateau-ducru-beaucaillou.com\/wp-content\/uploads\/2025\/12\/Reportage-photo-Ducru-Beaucaillou-juillet-2020-Photographe-Marine-Monteils-097-768x342.jpg\" data-width=\"768\" data-height=\"342\" aria-label=\"\" role=\"img\" ><\/div>\n\t\t\t\t\t\t\t\t\t\t\t<div class=\"elementor-gallery-item__overlay\"><\/div>\n\t\t\t\t\t\t\t\t\t\t\t\t\t\t<\/div>\n\t\t\t\t\t\t\t<div class=\"e-gallery-item elementor-gallery-item elementor-animated-content\">\n\t\t\t\t\t<div class=\"e-gallery-image elementor-gallery-item__image\" data-thumbnail=\"https:\/\/www.chateau-ducru-beaucaillou.com\/wp-content\/uploads\/2025\/12\/Trois-heros-des-temps-modernes-Lea-Vicens-cavaliere-emerite_1.jpeg\" data-width=\"544\" data-height=\"815\" aria-label=\"\" role=\"img\" ><\/div>\n\t\t\t\t\t\t\t\t\t\t\t<div class=\"elementor-gallery-item__overlay\"><\/div>\n\t\t\t\t\t\t\t\t\t\t\t\t\t\t<\/div>\n\t\t\t\t\t\t\t<div class=\"e-gallery-item elementor-gallery-item elementor-animated-content\">\n\t\t\t\t\t<div class=\"e-gallery-image elementor-gallery-item__image\" data-thumbnail=\"https:\/\/www.chateau-ducru-beaucaillou.com\/wp-content\/uploads\/2025\/12\/Reconstitution-dejeuner-de-vendanges-1720-3_2.jpeg\" data-width=\"600\" data-height=\"900\" aria-label=\"\" role=\"img\" ><\/div>\n\t\t\t\t\t\t\t\t\t\t\t<div class=\"elementor-gallery-item__overlay\"><\/div>\n\t\t\t\t\t\t\t\t\t\t\t\t\t\t<\/div>\n\t\t\t\t\t\t\t<div class=\"e-gallery-item elementor-gallery-item elementor-animated-content\">\n\t\t\t\t\t<div class=\"e-gallery-image elementor-gallery-item__image\" data-thumbnail=\"https:\/\/www.chateau-ducru-beaucaillou.com\/wp-content\/uploads\/2025\/12\/Interpretation-de-Carmen-de-Georges-Bizet-par-Heloise-Mas-et-Marwan-Dafir_1.jpeg\" data-width=\"600\" data-height=\"400\" aria-label=\"\" role=\"img\" ><\/div>\n\t\t\t\t\t\t\t\t\t\t\t<div class=\"elementor-gallery-item__overlay\"><\/div>\n\t\t\t\t\t\t\t\t\t\t\t\t\t\t<\/div>\n\t\t\t\t\t\t\t<div class=\"e-gallery-item elementor-gallery-item elementor-animated-content\">\n\t\t\t\t\t<div class=\"e-gallery-image elementor-gallery-item__image\" data-thumbnail=\"https:\/\/www.chateau-ducru-beaucaillou.com\/wp-content\/uploads\/2025\/12\/header-primeur-2019-768x342.jpg\" data-width=\"768\" data-height=\"342\" aria-label=\"\" role=\"img\" ><\/div>\n\t\t\t\t\t\t\t\t\t\t\t<div class=\"elementor-gallery-item__overlay\"><\/div>\n\t\t\t\t\t\t\t\t\t\t\t\t\t\t<\/div>\n\t\t\t\t\t\t\t<div class=\"e-gallery-item elementor-gallery-item elementor-animated-content\">\n\t\t\t\t\t<div class=\"e-gallery-image elementor-gallery-item__image\" data-thumbnail=\"https:\/\/www.chateau-ducru-beaucaillou.com\/wp-content\/uploads\/2025\/12\/Une-decoupe-exceptionnelle-par-les-trois-heros-de-cette-journee-de-celebration-digitale_2.jpeg\" data-width=\"600\" data-height=\"338\" aria-label=\"\" role=\"img\" ><\/div>\n\t\t\t\t\t\t\t\t\t\t\t<div class=\"elementor-gallery-item__overlay\"><\/div>\n\t\t\t\t\t\t\t\t\t\t\t\t\t\t<\/div>\n\t\t\t\t\t\t\t<div class=\"e-gallery-item elementor-gallery-item elementor-animated-content\">\n\t\t\t\t\t<div class=\"e-gallery-image elementor-gallery-item__image\" data-thumbnail=\"https:\/\/www.chateau-ducru-beaucaillou.com\/wp-content\/uploads\/2025\/12\/Interpretation-de-Carmen-de-Georges-Bizet-accompagne-par-une-demonstration-de-haute-ecole-de-Lea-Vicens_1.jpeg\" data-width=\"600\" data-height=\"338\" aria-label=\"\" role=\"img\" ><\/div>\n\t\t\t\t\t\t\t\t\t\t\t<div class=\"elementor-gallery-item__overlay\"><\/div>\n\t\t\t\t\t\t\t\t\t\t\t\t\t\t<\/div>\n\t\t\t\t\t\t\t<div class=\"e-gallery-item elementor-gallery-item elementor-animated-content\">\n\t\t\t\t\t<div class=\"e-gallery-image elementor-gallery-item__image\" data-thumbnail=\"https:\/\/www.chateau-ducru-beaucaillou.com\/wp-content\/uploads\/2025\/12\/Trois-heros-des-temps-modernes-Heloise-Mas-mezzo-soprano-et-Marwan-Dafir-pianiste_1.jpeg\" data-width=\"600\" data-height=\"900\" aria-label=\"\" role=\"img\" ><\/div>\n\t\t\t\t\t\t\t\t\t\t\t<div class=\"elementor-gallery-item__overlay\"><\/div>\n\t\t\t\t\t\t\t\t\t\t\t\t\t\t<\/div>\n\t\t\t\t\t\t\t<div class=\"e-gallery-item elementor-gallery-item elementor-animated-content\">\n\t\t\t\t\t<div class=\"e-gallery-image elementor-gallery-item__image\" data-thumbnail=\"https:\/\/www.chateau-ducru-beaucaillou.com\/wp-content\/uploads\/2025\/12\/Trois-cents-choux-pour-trois-cents-ans-dhistoire.jpeg\" data-width=\"444\" data-height=\"250\" aria-label=\"\" role=\"img\" ><\/div>\n\t\t\t\t\t\t\t\t\t\t\t<div class=\"elementor-gallery-item__overlay\"><\/div>\n\t\t\t\t\t\t\t\t\t\t\t\t\t\t<\/div>\n\t\t\t\t\t\t\t<div class=\"e-gallery-item elementor-gallery-item elementor-animated-content\">\n\t\t\t\t\t<div class=\"e-gallery-image elementor-gallery-item__image\" data-thumbnail=\"https:\/\/www.chateau-ducru-beaucaillou.com\/wp-content\/uploads\/2025\/12\/Demonstration-de-haute-ecole-par-Lea-Vicens-cavaliere-emerite.jpeg\" data-width=\"600\" data-height=\"338\" aria-label=\"\" role=\"img\" ><\/div>\n\t\t\t\t\t\t\t\t\t\t\t<div class=\"elementor-gallery-item__overlay\"><\/div>\n\t\t\t\t\t\t\t\t\t\t\t\t\t\t<\/div>\n\t\t\t\t\t\t\t<div class=\"e-gallery-item elementor-gallery-item elementor-animated-content\">\n\t\t\t\t\t<div class=\"e-gallery-image elementor-gallery-item__image\" data-thumbnail=\"https:\/\/www.chateau-ducru-beaucaillou.com\/wp-content\/uploads\/2025\/12\/Feux-dartifice-celebration-des-300-ans_0.jpeg\" data-width=\"600\" data-height=\"400\" aria-label=\"\" role=\"img\" ><\/div>\n\t\t\t\t\t\t\t\t\t\t\t<div class=\"elementor-gallery-item__overlay\"><\/div>\n\t\t\t\t\t\t\t\t\t\t\t\t\t\t<\/div>\n\t\t\t\t\t<\/div>\n\t\t\t\t\t<\/div>\n\t\t\t\t<\/div>\n\t\t\t\t\t<\/div>\n\t\t\t\t<\/div>\n\t\t\t\t<\/div>\n\t\t","protected":false},"excerpt":{"rendered":"<p>29 September 2020: 300 years of Ducru-Beaucaillou On September 29th, Bruno-Eug\u00e8ne Borie, acting as master of ceremonies, along with the entire Ch\u00e2teau Ducru-Beaucaillou team, had the immense privilege and pleasure of giving thanks to Saint-Julien and to the majestic history of Ch\u00e2teau Ducru-Beaucaillou; the 300-year-old ch\u00e2teau that has surveyed every generation of great families that have succeeded one another, and have presided or still preside over its destiny with passion and dedication and with an appreciation for detail and perfection, since the founding date of 30 May 1720. 1720 \u2013 2020: 300 candles to make a unique tribute repared with enthusiasm over many months, the anniversary etched in stone for eternity the highlights that have marked the life of Ch\u00e2teau Ducru-Beaucaillou, and offered \u00a0(in digital to respect Covid-19 measures) on the web a total immersion in this unique, magical place. As a masterful nod to the 18th century and to the prestige of the Age of Enlightenment, historical scenes were reconstructed like living works of art, such as the traditional grape harvest (as it was done in 1720, with mules, horses, riders, complete with period costumes and tools), or the grape pickers\u2019 meal around the \u2018poule au pot\u2019 so dear to the good King Henri IV. These scenes were shared internationally with three live broadcasts hosted by Bruno-Eug\u00e8ne Borie, enabling our global community to bear witness to this vibrant echo of the past.. Highlight: a 29 september deicated to women Through this historical tribute, Bruno-Eug\u00e8ne Borie affirmed that the property owes an enormous amount to women. With Marie Dejean (who brought the property as a dowry), the daughter of Bertrand Ducru who sold it to Madame Dassier Johnston&#8230; the Princess Caradja, Mary Butler de Burke and finally Marie Monique Rochette Borie, the \u201cDame de Beaucaillou\u201d still at the side of her son, Bruno, this tercentenary is composed with a distinctly feminine note. The anniversary also honoured three great heroines of modern times: our muse, la grande Estrella L\u00e9a Vicens, radiant equestrian champion with an unmatched record as a five time European champion (who honored us with her radiant presence and her superb and unforgettable top equestrian performances), H\u00e9lo\u00efse Mas, a great mezzo-soprano singer and sensual actress (who portrayed Carmen to perfection), and the talented chef Cl\u00e9mentine Coussau of the famous two-star Michelin restaurant Relais de la Poste in Magescq (who with inspiration from the Landes, revisited the V.G.E. soup of Paul Bocuse and the Oreiller de la Belle Aurore of Jean Anthelme Brillat-Savarin with perfect execution), each illuminated this unforgettable day with enthusiasm, showing guests the most beautiful expression of their respective arts. \u200b\u200b\u200b\u200b\u200b\u200b\u200b Finally, the celebration ended with a majestic finale: the vocal blessing of the brilliant H\u00e9lo\u00efse Mas accompanied by an awe-inspiring firework display in the ch\u00e2teau park, inscribing Ducru-Beaucaillou in a timeless moment, etched for eternity the history of this great property. Videos Historical reconstruction of the 1720 harvest \u201cHappy Birthday to you\u201d by H\u00e9lo\u00efse Mas Equestrian demonstration by L\u00e9a Vicens 300-year firework display Interview with L\u00e9a Vicens, horsewoman, five-time European champion Interview with Bruno-Eug\u00e8ne Borie Interview with H\u00e9lo\u00efse MAS, mezzo-soprano Interview with Cl\u00e9mentine Coussau, chef Photos<\/p>\n","protected":false},"author":1,"featured_media":2988,"comment_status":"closed","ping_status":"closed","sticky":false,"template":"","format":"standard","meta":{"footnotes":""},"categories":[54],"tags":[],"class_list":["post-2989","post","type-post","status-publish","format-standard","has-post-thumbnail","hentry","category-news"],"yoast_head":"<!-- This site is optimized with the Yoast SEO plugin v26.8 - https:\/\/yoast.com\/product\/yoast-seo-wordpress\/ -->\n<title>29 september 2020: 300 years of Ducru-Beaucaillou | Ch\u00e2teau Ducru-Beaucaillou<\/title>\n<meta name=\"description\" content=\"Official website of Ch\u00e2teau Ducru-Beaucaillou, Grand Cru Class\u00e9 Saint-Julien, M\u00e9doc, Bordeaux, property of Ducru Beaucaillou SA.\" \/>\n<meta name=\"robots\" content=\"index, follow, max-snippet:-1, max-image-preview:large, max-video-preview:-1\" \/>\n<link rel=\"canonical\" href=\"https:\/\/www.chateau-ducru-beaucaillou.com\/en\/29-september-2020-300-years-of-ducru-beaucaillou\/\" \/>\n<meta property=\"og:locale\" content=\"en_US\" \/>\n<meta property=\"og:type\" content=\"article\" \/>\n<meta property=\"og:title\" content=\"29 september 2020: 300 years of Ducru-Beaucaillou | Ch\u00e2teau Ducru-Beaucaillou\" \/>\n<meta property=\"og:description\" content=\"Official website of Ch\u00e2teau Ducru-Beaucaillou, Grand Cru Class\u00e9 Saint-Julien, M\u00e9doc, Bordeaux, property of Ducru Beaucaillou SA.\" \/>\n<meta property=\"og:url\" content=\"https:\/\/www.chateau-ducru-beaucaillou.com\/en\/29-september-2020-300-years-of-ducru-beaucaillou\/\" \/>\n<meta property=\"og:site_name\" content=\"Ch\u00e2teau Ducru-Beaucaillou\" \/>\n<meta property=\"article:published_time\" content=\"2020-09-29T08:06:49+00:00\" \/>\n<meta property=\"article:modified_time\" content=\"2025-12-16T10:45:11+00:00\" \/>\n<meta property=\"og:image\" content=\"https:\/\/www.chateau-ducru-beaucaillou.com\/wp-content\/uploads\/2020\/09\/29-septembre-2020-header-300-ans.jpg\" \/>\n\t<meta property=\"og:image:width\" content=\"1280\" \/>\n\t<meta property=\"og:image:height\" content=\"570\" \/>\n\t<meta property=\"og:image:type\" content=\"image\/jpeg\" \/>\n<meta name=\"author\" content=\"adminoci\" \/>\n<meta name=\"twitter:card\" content=\"summary_large_image\" \/>\n<meta name=\"twitter:label1\" content=\"Written by\" \/>\n\t<meta name=\"twitter:data1\" content=\"adminoci\" \/>\n\t<meta name=\"twitter:label2\" content=\"Est. reading time\" \/>\n\t<meta name=\"twitter:data2\" content=\"3 minutes\" \/>\n<script type=\"application\/ld+json\" class=\"yoast-schema-graph\">{\"@context\":\"https:\/\/schema.org\",\"@graph\":[{\"@type\":\"Article\",\"@id\":\"https:\/\/www.chateau-ducru-beaucaillou.com\/en\/29-september-2020-300-years-of-ducru-beaucaillou\/#article\",\"isPartOf\":{\"@id\":\"https:\/\/www.chateau-ducru-beaucaillou.com\/en\/29-september-2020-300-years-of-ducru-beaucaillou\/\"},\"author\":{\"name\":\"adminoci\",\"@id\":\"https:\/\/www.chateau-ducru-beaucaillou.com\/en\/#\/schema\/person\/1d1612d896cf20e6e2f10ec08cc8cf6c\"},\"headline\":\"29 september 2020: 300 years of Ducru-Beaucaillou\",\"datePublished\":\"2020-09-29T08:06:49+00:00\",\"dateModified\":\"2025-12-16T10:45:11+00:00\",\"mainEntityOfPage\":{\"@id\":\"https:\/\/www.chateau-ducru-beaucaillou.com\/en\/29-september-2020-300-years-of-ducru-beaucaillou\/\"},\"wordCount\":601,\"publisher\":{\"@id\":\"https:\/\/www.chateau-ducru-beaucaillou.com\/en\/#organization\"},\"image\":{\"@id\":\"https:\/\/www.chateau-ducru-beaucaillou.com\/en\/29-september-2020-300-years-of-ducru-beaucaillou\/#primaryimage\"},\"thumbnailUrl\":\"https:\/\/www.chateau-ducru-beaucaillou.com\/wp-content\/uploads\/2020\/09\/29-septembre-2020-header-300-ans.jpg\",\"articleSection\":[\"News\"],\"inLanguage\":\"en-US\"},{\"@type\":\"WebPage\",\"@id\":\"https:\/\/www.chateau-ducru-beaucaillou.com\/en\/29-september-2020-300-years-of-ducru-beaucaillou\/\",\"url\":\"https:\/\/www.chateau-ducru-beaucaillou.com\/en\/29-september-2020-300-years-of-ducru-beaucaillou\/\",\"name\":\"29 september 2020: 300 years of Ducru-Beaucaillou | Ch\u00e2teau Ducru-Beaucaillou\",\"isPartOf\":{\"@id\":\"https:\/\/www.chateau-ducru-beaucaillou.com\/en\/#website\"},\"primaryImageOfPage\":{\"@id\":\"https:\/\/www.chateau-ducru-beaucaillou.com\/en\/29-september-2020-300-years-of-ducru-beaucaillou\/#primaryimage\"},\"image\":{\"@id\":\"https:\/\/www.chateau-ducru-beaucaillou.com\/en\/29-september-2020-300-years-of-ducru-beaucaillou\/#primaryimage\"},\"thumbnailUrl\":\"https:\/\/www.chateau-ducru-beaucaillou.com\/wp-content\/uploads\/2020\/09\/29-septembre-2020-header-300-ans.jpg\",\"datePublished\":\"2020-09-29T08:06:49+00:00\",\"dateModified\":\"2025-12-16T10:45:11+00:00\",\"description\":\"Official website of Ch\u00e2teau Ducru-Beaucaillou, Grand Cru Class\u00e9 Saint-Julien, M\u00e9doc, Bordeaux, property of Ducru Beaucaillou SA.\",\"breadcrumb\":{\"@id\":\"https:\/\/www.chateau-ducru-beaucaillou.com\/en\/29-september-2020-300-years-of-ducru-beaucaillou\/#breadcrumb\"},\"inLanguage\":\"en-US\",\"potentialAction\":[{\"@type\":\"ReadAction\",\"target\":[\"https:\/\/www.chateau-ducru-beaucaillou.com\/en\/29-september-2020-300-years-of-ducru-beaucaillou\/\"]}]},{\"@type\":\"ImageObject\",\"inLanguage\":\"en-US\",\"@id\":\"https:\/\/www.chateau-ducru-beaucaillou.com\/en\/29-september-2020-300-years-of-ducru-beaucaillou\/#primaryimage\",\"url\":\"https:\/\/www.chateau-ducru-beaucaillou.com\/wp-content\/uploads\/2020\/09\/29-septembre-2020-header-300-ans.jpg\",\"contentUrl\":\"https:\/\/www.chateau-ducru-beaucaillou.com\/wp-content\/uploads\/2020\/09\/29-septembre-2020-header-300-ans.jpg\",\"width\":1280,\"height\":570},{\"@type\":\"BreadcrumbList\",\"@id\":\"https:\/\/www.chateau-ducru-beaucaillou.com\/en\/29-september-2020-300-years-of-ducru-beaucaillou\/#breadcrumb\",\"itemListElement\":[{\"@type\":\"ListItem\",\"position\":1,\"name\":\"Accueil\",\"item\":\"https:\/\/www.chateau-ducru-beaucaillou.com\/en\/\"},{\"@type\":\"ListItem\",\"position\":2,\"name\":\"29 september 2020: 300 years of Ducru-Beaucaillou\"}]},{\"@type\":\"WebSite\",\"@id\":\"https:\/\/www.chateau-ducru-beaucaillou.com\/en\/#website\",\"url\":\"https:\/\/www.chateau-ducru-beaucaillou.com\/en\/\",\"name\":\"Ch\u00e2teau Ducru-Beaucaillou\",\"description\":\"\",\"publisher\":{\"@id\":\"https:\/\/www.chateau-ducru-beaucaillou.com\/en\/#organization\"},\"potentialAction\":[{\"@type\":\"SearchAction\",\"target\":{\"@type\":\"EntryPoint\",\"urlTemplate\":\"https:\/\/www.chateau-ducru-beaucaillou.com\/en\/?s={search_term_string}\"},\"query-input\":{\"@type\":\"PropertyValueSpecification\",\"valueRequired\":true,\"valueName\":\"search_term_string\"}}],\"inLanguage\":\"en-US\"},{\"@type\":\"Organization\",\"@id\":\"https:\/\/www.chateau-ducru-beaucaillou.com\/en\/#organization\",\"name\":\"Ch\u00e2teau Ducru-Beaucaillou\",\"url\":\"https:\/\/www.chateau-ducru-beaucaillou.com\/en\/\",\"logo\":{\"@type\":\"ImageObject\",\"inLanguage\":\"en-US\",\"@id\":\"https:\/\/www.chateau-ducru-beaucaillou.com\/en\/#\/schema\/logo\/image\/\",\"url\":\"https:\/\/www.chateau-ducru-beaucaillou.com\/wp-content\/uploads\/2025\/11\/logo-Ducru-Beaucaillou-orange-complet.svg\",\"contentUrl\":\"https:\/\/www.chateau-ducru-beaucaillou.com\/wp-content\/uploads\/2025\/11\/logo-Ducru-Beaucaillou-orange-complet.svg\",\"width\":480,\"height\":384,\"caption\":\"Ch\u00e2teau Ducru-Beaucaillou\"},\"image\":{\"@id\":\"https:\/\/www.chateau-ducru-beaucaillou.com\/en\/#\/schema\/logo\/image\/\"}},{\"@type\":\"Person\",\"@id\":\"https:\/\/www.chateau-ducru-beaucaillou.com\/en\/#\/schema\/person\/1d1612d896cf20e6e2f10ec08cc8cf6c\",\"name\":\"adminoci\",\"image\":{\"@type\":\"ImageObject\",\"inLanguage\":\"en-US\",\"@id\":\"https:\/\/www.chateau-ducru-beaucaillou.com\/en\/#\/schema\/person\/image\/\",\"url\":\"https:\/\/secure.gravatar.com\/avatar\/c0c7292c6ae23f74e4cb7361cc5c44d62727aa7edc2e04ad0f3e115ad21a6de5?s=96&d=mm&r=g\",\"contentUrl\":\"https:\/\/secure.gravatar.com\/avatar\/c0c7292c6ae23f74e4cb7361cc5c44d62727aa7edc2e04ad0f3e115ad21a6de5?s=96&d=mm&r=g\",\"caption\":\"adminoci\"},\"sameAs\":[\"https:\/\/www.chateau-ducru-beaucaillou.com\"]}]}<\/script>\n<!-- \/ Yoast SEO plugin. -->","yoast_head_json":{"title":"29 september 2020: 300 years of Ducru-Beaucaillou | Ch\u00e2teau Ducru-Beaucaillou","description":"Official website of Ch\u00e2teau Ducru-Beaucaillou, Grand Cru Class\u00e9 Saint-Julien, M\u00e9doc, Bordeaux, property of Ducru Beaucaillou SA.","robots":{"index":"index","follow":"follow","max-snippet":"max-snippet:-1","max-image-preview":"max-image-preview:large","max-video-preview":"max-video-preview:-1"},"canonical":"https:\/\/www.chateau-ducru-beaucaillou.com\/en\/29-september-2020-300-years-of-ducru-beaucaillou\/","og_locale":"en_US","og_type":"article","og_title":"29 september 2020: 300 years of Ducru-Beaucaillou | Ch\u00e2teau Ducru-Beaucaillou","og_description":"Official website of Ch\u00e2teau Ducru-Beaucaillou, Grand Cru Class\u00e9 Saint-Julien, M\u00e9doc, Bordeaux, property of Ducru Beaucaillou SA.","og_url":"https:\/\/www.chateau-ducru-beaucaillou.com\/en\/29-september-2020-300-years-of-ducru-beaucaillou\/","og_site_name":"Ch\u00e2teau Ducru-Beaucaillou","article_published_time":"2020-09-29T08:06:49+00:00","article_modified_time":"2025-12-16T10:45:11+00:00","og_image":[{"width":1280,"height":570,"url":"https:\/\/www.chateau-ducru-beaucaillou.com\/wp-content\/uploads\/2020\/09\/29-septembre-2020-header-300-ans.jpg","type":"image\/jpeg"}],"author":"adminoci","twitter_card":"summary_large_image","twitter_misc":{"Written by":"adminoci","Est. reading time":"3 minutes"},"schema":{"@context":"https:\/\/schema.org","@graph":[{"@type":"Article","@id":"https:\/\/www.chateau-ducru-beaucaillou.com\/en\/29-september-2020-300-years-of-ducru-beaucaillou\/#article","isPartOf":{"@id":"https:\/\/www.chateau-ducru-beaucaillou.com\/en\/29-september-2020-300-years-of-ducru-beaucaillou\/"},"author":{"name":"adminoci","@id":"https:\/\/www.chateau-ducru-beaucaillou.com\/en\/#\/schema\/person\/1d1612d896cf20e6e2f10ec08cc8cf6c"},"headline":"29 september 2020: 300 years of Ducru-Beaucaillou","datePublished":"2020-09-29T08:06:49+00:00","dateModified":"2025-12-16T10:45:11+00:00","mainEntityOfPage":{"@id":"https:\/\/www.chateau-ducru-beaucaillou.com\/en\/29-september-2020-300-years-of-ducru-beaucaillou\/"},"wordCount":601,"publisher":{"@id":"https:\/\/www.chateau-ducru-beaucaillou.com\/en\/#organization"},"image":{"@id":"https:\/\/www.chateau-ducru-beaucaillou.com\/en\/29-september-2020-300-years-of-ducru-beaucaillou\/#primaryimage"},"thumbnailUrl":"https:\/\/www.chateau-ducru-beaucaillou.com\/wp-content\/uploads\/2020\/09\/29-septembre-2020-header-300-ans.jpg","articleSection":["News"],"inLanguage":"en-US"},{"@type":"WebPage","@id":"https:\/\/www.chateau-ducru-beaucaillou.com\/en\/29-september-2020-300-years-of-ducru-beaucaillou\/","url":"https:\/\/www.chateau-ducru-beaucaillou.com\/en\/29-september-2020-300-years-of-ducru-beaucaillou\/","name":"29 september 2020: 300 years of Ducru-Beaucaillou | Ch\u00e2teau Ducru-Beaucaillou","isPartOf":{"@id":"https:\/\/www.chateau-ducru-beaucaillou.com\/en\/#website"},"primaryImageOfPage":{"@id":"https:\/\/www.chateau-ducru-beaucaillou.com\/en\/29-september-2020-300-years-of-ducru-beaucaillou\/#primaryimage"},"image":{"@id":"https:\/\/www.chateau-ducru-beaucaillou.com\/en\/29-september-2020-300-years-of-ducru-beaucaillou\/#primaryimage"},"thumbnailUrl":"https:\/\/www.chateau-ducru-beaucaillou.com\/wp-content\/uploads\/2020\/09\/29-septembre-2020-header-300-ans.jpg","datePublished":"2020-09-29T08:06:49+00:00","dateModified":"2025-12-16T10:45:11+00:00","description":"Official website of Ch\u00e2teau Ducru-Beaucaillou, Grand Cru Class\u00e9 Saint-Julien, M\u00e9doc, Bordeaux, property of Ducru Beaucaillou SA.","breadcrumb":{"@id":"https:\/\/www.chateau-ducru-beaucaillou.com\/en\/29-september-2020-300-years-of-ducru-beaucaillou\/#breadcrumb"},"inLanguage":"en-US","potentialAction":[{"@type":"ReadAction","target":["https:\/\/www.chateau-ducru-beaucaillou.com\/en\/29-september-2020-300-years-of-ducru-beaucaillou\/"]}]},{"@type":"ImageObject","inLanguage":"en-US","@id":"https:\/\/www.chateau-ducru-beaucaillou.com\/en\/29-september-2020-300-years-of-ducru-beaucaillou\/#primaryimage","url":"https:\/\/www.chateau-ducru-beaucaillou.com\/wp-content\/uploads\/2020\/09\/29-septembre-2020-header-300-ans.jpg","contentUrl":"https:\/\/www.chateau-ducru-beaucaillou.com\/wp-content\/uploads\/2020\/09\/29-septembre-2020-header-300-ans.jpg","width":1280,"height":570},{"@type":"BreadcrumbList","@id":"https:\/\/www.chateau-ducru-beaucaillou.com\/en\/29-september-2020-300-years-of-ducru-beaucaillou\/#breadcrumb","itemListElement":[{"@type":"ListItem","position":1,"name":"Accueil","item":"https:\/\/www.chateau-ducru-beaucaillou.com\/en\/"},{"@type":"ListItem","position":2,"name":"29 september 2020: 300 years of Ducru-Beaucaillou"}]},{"@type":"WebSite","@id":"https:\/\/www.chateau-ducru-beaucaillou.com\/en\/#website","url":"https:\/\/www.chateau-ducru-beaucaillou.com\/en\/","name":"Ch\u00e2teau Ducru-Beaucaillou","description":"","publisher":{"@id":"https:\/\/www.chateau-ducru-beaucaillou.com\/en\/#organization"},"potentialAction":[{"@type":"SearchAction","target":{"@type":"EntryPoint","urlTemplate":"https:\/\/www.chateau-ducru-beaucaillou.com\/en\/?s={search_term_string}"},"query-input":{"@type":"PropertyValueSpecification","valueRequired":true,"valueName":"search_term_string"}}],"inLanguage":"en-US"},{"@type":"Organization","@id":"https:\/\/www.chateau-ducru-beaucaillou.com\/en\/#organization","name":"Ch\u00e2teau Ducru-Beaucaillou","url":"https:\/\/www.chateau-ducru-beaucaillou.com\/en\/","logo":{"@type":"ImageObject","inLanguage":"en-US","@id":"https:\/\/www.chateau-ducru-beaucaillou.com\/en\/#\/schema\/logo\/image\/","url":"https:\/\/www.chateau-ducru-beaucaillou.com\/wp-content\/uploads\/2025\/11\/logo-Ducru-Beaucaillou-orange-complet.svg","contentUrl":"https:\/\/www.chateau-ducru-beaucaillou.com\/wp-content\/uploads\/2025\/11\/logo-Ducru-Beaucaillou-orange-complet.svg","width":480,"height":384,"caption":"Ch\u00e2teau Ducru-Beaucaillou"},"image":{"@id":"https:\/\/www.chateau-ducru-beaucaillou.com\/en\/#\/schema\/logo\/image\/"}},{"@type":"Person","@id":"https:\/\/www.chateau-ducru-beaucaillou.com\/en\/#\/schema\/person\/1d1612d896cf20e6e2f10ec08cc8cf6c","name":"adminoci","image":{"@type":"ImageObject","inLanguage":"en-US","@id":"https:\/\/www.chateau-ducru-beaucaillou.com\/en\/#\/schema\/person\/image\/","url":"https:\/\/secure.gravatar.com\/avatar\/c0c7292c6ae23f74e4cb7361cc5c44d62727aa7edc2e04ad0f3e115ad21a6de5?s=96&d=mm&r=g","contentUrl":"https:\/\/secure.gravatar.com\/avatar\/c0c7292c6ae23f74e4cb7361cc5c44d62727aa7edc2e04ad0f3e115ad21a6de5?s=96&d=mm&r=g","caption":"adminoci"},"sameAs":["https:\/\/www.chateau-ducru-beaucaillou.com"]}]}},"_links":{"self":[{"href":"https:\/\/www.chateau-ducru-beaucaillou.com\/en\/wp-json\/wp\/v2\/posts\/2989","targetHints":{"allow":["GET"]}}],"collection":[{"href":"https:\/\/www.chateau-ducru-beaucaillou.com\/en\/wp-json\/wp\/v2\/posts"}],"about":[{"href":"https:\/\/www.chateau-ducru-beaucaillou.com\/en\/wp-json\/wp\/v2\/types\/post"}],"author":[{"embeddable":true,"href":"https:\/\/www.chateau-ducru-beaucaillou.com\/en\/wp-json\/wp\/v2\/users\/1"}],"replies":[{"embeddable":true,"href":"https:\/\/www.chateau-ducru-beaucaillou.com\/en\/wp-json\/wp\/v2\/comments?post=2989"}],"version-history":[{"count":8,"href":"https:\/\/www.chateau-ducru-beaucaillou.com\/en\/wp-json\/wp\/v2\/posts\/2989\/revisions"}],"predecessor-version":[{"id":3008,"href":"https:\/\/www.chateau-ducru-beaucaillou.com\/en\/wp-json\/wp\/v2\/posts\/2989\/revisions\/3008"}],"wp:featuredmedia":[{"embeddable":true,"href":"https:\/\/www.chateau-ducru-beaucaillou.com\/en\/wp-json\/wp\/v2\/media\/2988"}],"wp:attachment":[{"href":"https:\/\/www.chateau-ducru-beaucaillou.com\/en\/wp-json\/wp\/v2\/media?parent=2989"}],"wp:term":[{"taxonomy":"category","embeddable":true,"href":"https:\/\/www.chateau-ducru-beaucaillou.com\/en\/wp-json\/wp\/v2\/categories?post=2989"},{"taxonomy":"post_tag","embeddable":true,"href":"https:\/\/www.chateau-ducru-beaucaillou.com\/en\/wp-json\/wp\/v2\/tags?post=2989"}],"curies":[{"name":"wp","href":"https:\/\/api.w.org\/{rel}","templated":true}]}}